{"id":12540,"date":"2020-08-11T11:07:00","date_gmt":"2020-08-11T09:07:00","guid":{"rendered":"http:\/\/web4966.greatnet-hosting.de\/hks\/?p=12540"},"modified":"2020-08-11T11:07:00","modified_gmt":"2020-08-11T09:07:00","slug":"informationen-zum-schulbesuch-von-erkrankten-kindern","status":"publish","type":"post","link":"http:\/\/web4966.greatnet-hosting.de\/hks\/informationen-zum-schulbesuch-von-erkrankten-kindern\/","title":{"rendered":"Informationen zum Schulbesuch von erkrankten Kindern"},"content":{"rendered":"<p>Liebe Eltern,<\/p>\n<p style=\"text-align: justify;\">auf diesem Weg m\u00f6chten wir sie darauf hinweise, dass eine Sch\u00fclerin oder ein Sch\u00fcler mit der Symptomatik <strong>Schnupfen ohne weitere Krankheitsanzeichen<\/strong> oder Beeintr\u00e4chtigung ihres Wohlbefindens zun\u00e4chst f\u00fcr<strong> 24 Stunden zu Hause beobachtet<\/strong> werden soll. Wenn keine weiteren Symptome auftreten, nimmt die Sch\u00fclerin oder der Sch\u00fcler wieder am Unterricht teil. Kommen jedoch <strong>weitere Symptome wie Husten, Fieber etc. hinzu<\/strong>, ist eine <strong>diagnostische Abkl\u00e4rung (beim Arzt) zu veranlassen<\/strong>.<\/p>\n<p style=\"text-align: justify;\">Diese Informationen haben wir aus\u00a0den neuen Handreichungen zur<span style=\"text-decoration: underline;\"> Wiederaufnahme eines angepassten Schulbetriebs in Corona-Zeiten zu Beginn des Schuljahres 2020\/2021<\/span> des Ministeriums f\u00fcr Schule und Bildung des Landes Nordrhein-Westfalens entnommen.<\/p>\n","protected":false},"excerpt":{"rendered":"<p>Liebe Eltern, auf diesem Weg m\u00f6chten wir sie darauf hinweise, dass eine Sch\u00fclerin oder ein Sch\u00fcler mit der Symptomatik Schnupfen ohne weitere Krankheitsanzeichen oder Beeintr\u00e4chtigung ihres Wohlbefindens zun\u00e4chst f\u00fcr 24 Stunden zu Hause beobachtet werden soll. Wenn keine weiteren Symptome auftreten, nimmt die Sch\u00fclerin oder der Sch\u00fcler wieder am Unterricht teil. Kommen jedoch weitere Symptome &hellip; <a href=\"http:\/\/web4966.greatnet-hosting.de\/hks\/informationen-zum-schulbesuch-von-erkrankten-kindern\/\" class=\"more-link\"><span class=\"screen-reader-text\">Informationen zum Schulbesuch von erkrankten Kindern<\/span> weiterlesen <span class=\"meta-nav\">&rarr;<\/span><\/a><\/p>\n","protected":false},"author":2,"featured_media":0,"comment_status":"closed","ping_status":"closed","sticky":false,"template":"","format":"standard","meta":[],"categories":[1,9],"tags":[],"_links":{"self":[{"href":"http:\/\/web4966.greatnet-hosting.de\/hks\/wp-json\/wp\/v2\/posts\/12540"}],"collection":[{"href":"http:\/\/web4966.greatnet-hosting.de\/hks\/wp-json\/wp\/v2\/posts"}],"about":[{"href":"http:\/\/web4966.greatnet-hosting.de\/hks\/wp-json\/wp\/v2\/types\/post"}],"author":[{"embeddable":true,"href":"http:\/\/web4966.greatnet-hosting.de\/hks\/wp-json\/wp\/v2\/users\/2"}],"replies":[{"embeddable":true,"href":"http:\/\/web4966.greatnet-hosting.de\/hks\/wp-json\/wp\/v2\/comments?post=12540"}],"version-history":[{"count":1,"href":"http:\/\/web4966.greatnet-hosting.de\/hks\/wp-json\/wp\/v2\/posts\/12540\/revisions"}],"predecessor-version":[{"id":12541,"href":"http:\/\/web4966.greatnet-hosting.de\/hks\/wp-json\/wp\/v2\/posts\/12540\/revisions\/12541"}],"wp:attachment":[{"href":"http:\/\/web4966.greatnet-hosting.de\/hks\/wp-json\/wp\/v2\/media?parent=12540"}],"wp:term":[{"taxonomy":"category","embeddable":true,"href":"http:\/\/web4966.greatnet-hosting.de\/hks\/wp-json\/wp\/v2\/categories?post=12540"},{"taxonomy":"post_tag","embeddable":true,"href":"http:\/\/web4966.greatnet-hosting.de\/hks\/wp-json\/wp\/v2\/tags?post=12540"}],"curies":[{"name":"wp","href":"https:\/\/api.w.org\/{rel}","templated":true}]}}