{"id":12748,"date":"2020-10-04T19:02:57","date_gmt":"2020-10-04T17:02:57","guid":{"rendered":"http:\/\/web4966.greatnet-hosting.de\/hks\/?p=12748"},"modified":"2020-10-04T19:02:57","modified_gmt":"2020-10-04T17:02:57","slug":"mund-nase-bedeckung-und-warme-oberbekleidung-im-unterricht","status":"publish","type":"post","link":"http:\/\/web4966.greatnet-hosting.de\/hks\/mund-nase-bedeckung-und-warme-oberbekleidung-im-unterricht\/","title":{"rendered":"Mund-Nase-Bedeckung und warme Oberbekleidung im Unterricht"},"content":{"rendered":"<p style=\"margin: 0cm 0cm 18.0pt 0cm;\">Liebe Eltern,<\/p>\n<p style=\"margin: 0cm 0cm 18pt; text-align: justify;\"><span style=\"font-family: 'Source Sans Pro',sans-serif; color: #141412;\">das Ministerium f\u00fcr Schule und Bildung des Landes Nordrhein-Westfalen hat zum 1. Oktober 2020 das Tragen einer Mund-Nase-Bedeckung <b>im Unterrichtsraum<\/b> f\u00fcr die Primarstufe nicht mehr als Verpflichtung eingestuft, jedoch beobachten wir mit\u00a0<strong><span style=\"font-family: 'Source Sans Pro',sans-serif;\">sehr gro\u00dfer Besorgnis<\/span><\/strong>\u00a0das Ansteigen der Infektionszahlen und auch die Zunahme von Quarant\u00e4nema\u00dfnahmen\u00a0aufgrund\u00a0von Covid-19-Erkrankungen an Schulen im Kreis Wesel. Wir m\u00f6chten Sie aufrichtig bitten, dass Ihr Kind\u00a0<strong><span style=\"font-family: 'Source Sans Pro',sans-serif;\">weiterhin<\/span><\/strong>\u00a0auch\u00a0<strong><span style=\"font-family: 'Source Sans Pro',sans-serif;\">im Klassenverband<\/span><\/strong>\u00a0eine\u00a0<strong><span style=\"font-family: 'Source Sans Pro',sans-serif;\">Mund-Nase-Bedeckung tr\u00e4gt<\/span><\/strong>, um sich selbst und alle am Schulalltag beteiligten Personen bestm\u00f6glich zu sch\u00fctzen. Den Kindern ist diese Handhabung nach unserer Beobachtung in Fleisch und Blut \u00fcbergegangen und bei den derzeitigen Temperaturen problemlos umzusetzen.<\/span><\/p>\n<p style=\"margin: 0cm 0cm 18pt; text-align: justify;\"><strong><span style=\"font-family: 'Source Sans Pro',sans-serif; color: #141412;\">Alle Xantener Schulleitungen<\/span><\/strong><span style=\"font-family: 'Source Sans Pro',sans-serif; color: #141412;\">\u00a0haben sich am Freitag, den 2.10.2020 im Rahmen einer Schulleiterdienstbesprechung mit dem Schultr\u00e4ger daf\u00fcr ausgesprochen,\u00a0<strong><span style=\"font-family: 'Source Sans Pro',sans-serif;\">an dieser Hygienema\u00dfnahme festzuhalten und bitten die Eltern und Sch\u00fclerInnen, sich verantwortungsbewusst zu zeigen und diese freiwillige Ma\u00dfnahme zu unterst\u00fctzen. <\/span><\/strong><\/span><\/p>\n<p style=\"margin: 0cm 0cm 18pt; text-align: justify;\"><strong><span style=\"font-family: 'Source Sans Pro',sans-serif; color: #141412; font-weight: normal;\">Bitte sorgen Sie ebenfalls daf\u00fcr, dass Ihr Kind w\u00e4hrend des Schulalltags <\/span><\/strong><strong><span style=\"font-family: 'Source Sans Pro',sans-serif; color: #141412;\">warme Oberbekleidung<\/span><\/strong><strong><span style=\"font-family: 'Source Sans Pro',sans-serif; color: #141412; font-weight: normal;\"> tr\u00e4gt. Die Hygieneauflagen bez\u00fcglich der <\/span><\/strong><strong><span style=\"font-family: 'Source Sans Pro',sans-serif; color: #141412;\">L\u00fcftung<\/span><\/strong><strong><span style=\"font-family: 'Source Sans Pro',sans-serif; color: #141412; font-weight: normal;\"> der Klassenr\u00e4ume bringen es mit sich, dass die Raumtemperatur beim L\u00fcften der Unterrichtsr\u00e4ume zwischendurch recht k\u00fchl ist. <\/span><\/strong><b><\/b><\/p>\n<p style=\"margin: 0cm 0cm 18.0pt 0cm;\"><span style=\"font-family: 'Source Sans Pro',sans-serif; color: #141412;\">Passen Sie auf sich auf und bleiben Sie gesund! <\/span><\/p>\n<p style=\"margin: 0cm 0cm 18.0pt 0cm;\"><span style=\"font-family: 'Source Sans Pro',sans-serif; color: #141412;\">Wir w\u00fcnschen allen Familien sch\u00f6ne Herbstferien!<\/span><\/p>\n<p>&nbsp;<\/p>\n","protected":false},"excerpt":{"rendered":"<p>Liebe Eltern, das Ministerium f\u00fcr Schule und Bildung des Landes Nordrhein-Westfalen hat zum 1. Oktober 2020 das Tragen einer Mund-Nase-Bedeckung im Unterrichtsraum f\u00fcr die Primarstufe nicht mehr als Verpflichtung eingestuft, jedoch beobachten wir mit\u00a0sehr gro\u00dfer Besorgnis\u00a0das Ansteigen der Infektionszahlen und auch die Zunahme von Quarant\u00e4nema\u00dfnahmen\u00a0aufgrund\u00a0von Covid-19-Erkrankungen an Schulen im Kreis Wesel. Wir m\u00f6chten Sie aufrichtig &hellip; <a href=\"http:\/\/web4966.greatnet-hosting.de\/hks\/mund-nase-bedeckung-und-warme-oberbekleidung-im-unterricht\/\" class=\"more-link\"><span class=\"screen-reader-text\">Mund-Nase-Bedeckung und warme Oberbekleidung im Unterricht<\/span> weiterlesen <span class=\"meta-nav\">&rarr;<\/span><\/a><\/p>\n","protected":false},"author":2,"featured_media":0,"comment_status":"closed","ping_status":"closed","sticky":false,"template":"","format":"standard","meta":[],"categories":[1,9],"tags":[],"_links":{"self":[{"href":"http:\/\/web4966.greatnet-hosting.de\/hks\/wp-json\/wp\/v2\/posts\/12748"}],"collection":[{"href":"http:\/\/web4966.greatnet-hosting.de\/hks\/wp-json\/wp\/v2\/posts"}],"about":[{"href":"http:\/\/web4966.greatnet-hosting.de\/hks\/wp-json\/wp\/v2\/types\/post"}],"author":[{"embeddable":true,"href":"http:\/\/web4966.greatnet-hosting.de\/hks\/wp-json\/wp\/v2\/users\/2"}],"replies":[{"embeddable":true,"href":"http:\/\/web4966.greatnet-hosting.de\/hks\/wp-json\/wp\/v2\/comments?post=12748"}],"version-history":[{"count":3,"href":"http:\/\/web4966.greatnet-hosting.de\/hks\/wp-json\/wp\/v2\/posts\/12748\/revisions"}],"predecessor-version":[{"id":12753,"href":"http:\/\/web4966.greatnet-hosting.de\/hks\/wp-json\/wp\/v2\/posts\/12748\/revisions\/12753"}],"wp:attachment":[{"href":"http:\/\/web4966.greatnet-hosting.de\/hks\/wp-json\/wp\/v2\/media?parent=12748"}],"wp:term":[{"taxonomy":"category","embeddable":true,"href":"http:\/\/web4966.greatnet-hosting.de\/hks\/wp-json\/wp\/v2\/categories?post=12748"},{"taxonomy":"post_tag","embeddable":true,"href":"http:\/\/web4966.greatnet-hosting.de\/hks\/wp-json\/wp\/v2\/tags?post=12748"}],"curies":[{"name":"wp","href":"https:\/\/api.w.org\/{rel}","templated":true}]}}